{"id":2702,"date":"2023-07-17T17:06:26","date_gmt":"2023-07-17T15:06:26","guid":{"rendered":"https:\/\/www.bthuus.de\/wielojezycznosc-w-pielegniarstwie\/"},"modified":"2023-07-17T19:26:52","modified_gmt":"2023-07-17T17:26:52","slug":"wielojezycznosc-w-pielegniarstwie","status":"publish","type":"post","link":"https:\/\/www.bthuus.de\/pl\/wielojezycznosc-w-pielegniarstwie\/","title":{"rendered":"Wieloj\u0119zyczno\u015b\u0107 w piel\u0119gniarstwie"},"content":{"rendered":"\n<p>Witajcie drodzy go\u015bcie,<\/p>\n\n<p>my, zesp\u00f3\u0142 od Bliev do Huus, wasza ambulatoryjna opieka piel\u0119gniarska w Kilonii i Bredenbek, mamy dla was wspania\u0142e wie\u015bci! Nasza strona internetowa m\u00f3wi teraz w jedenastu r\u00f3\u017cnych j\u0119zykach:<br\/><br\/><strong>arabski, niemiecki, angielski, francuski, w\u0142oski, kurdyjski, polski, rosyjski, hiszpa\u0144ski, turecki i ukrai\u0144ski.<\/strong><\/p>\n\n<p>Dlaczego to robimy? Poniewa\u017c wierzymy, \u017ce opieka nie zna granic. <strong>W naszym kolorowym i zr\u00f3\u017cnicowanym spo\u0142ecze\u0144stwie wa\u017cne jest dla nas, aby ka\u017cdy, niezale\u017cnie od pochodzenia czy j\u0119zyka, mia\u0142 dost\u0119p do informacji i us\u0142ug.<\/strong> Chcemy, aby\u015b czu\u0142 si\u0119 u nas komfortowo i rozumiany.<\/p>\n\n<p>Wiemy, \u017ce czasami trudno jest wyrazi\u0107 si\u0119 w j\u0119zyku obcym, zw\u0142aszcza je\u015bli chodzi o dra\u017cliwe tematy, takie jak opieka i zdrowie. Dlatego zdecydowali\u015bmy si\u0119, aby nasza strona by\u0142a wieloj\u0119zyczna. Dzi\u0119ki temu w razie potrzeby mo\u017cesz przeczyta\u0107 wszystkie informacje o naszych us\u0142ugach w swoim ojczystym j\u0119zyku.<\/p>\n\n<p>Wieloj\u0119zyczno\u015b\u0107 naszej strony internetowej to co\u015b wi\u0119cej ni\u017c tylko praktyczne ulepszenie naszej strony internetowej. Jest wyrazem naszego uznania dla r\u00f3\u017cnorodno\u015bci i ch\u0119ci dostosowania si\u0119 do potrzeb naszych klient\u00f3w. Wieloj\u0119zyczno\u015b\u0107 jako znak <strong>inkluzji i dost\u0119pno\u015bci<\/strong>. Poniewa\u017c z \u201eBliev to Huus\u201d nie jeste\u015b tylko numerem. Jeste\u015b cz\u0119\u015bci\u0105 naszej rodziny i Twoje potrzeby s\u0105 dla nas wa\u017cne.<\/p>\n\n<p>Wi\u0119c na co czekasz? Poznaj nasze kompleksowe us\u0142ugi piel\u0119gnacyjne. Niezale\u017cnie od tego, czy m\u00f3wisz po arabsku, niemiecku, angielsku, francusku, w\u0142osku, kurdyjsku, polsku, rosyjsku, hiszpa\u0144sku, turecku czy ukrai\u0144sku, jeste\u015bmy tu dla Ciebie. <strong>Poniewa\u017c w \u201eBliev to Huus\u201d, Twojej plac\u00f3wce opieki ambulatoryjnej w Kilonii, m\u00f3wimy w Twoim j\u0119zyku!<\/strong><\/p>\n\n<p>Tw\u00f3j zesp\u00f3\u0142 Bliev do Huus<\/p>\n","protected":false},"excerpt":{"rendered":"<p>Witajcie drodzy go\u015bcie, my, zesp\u00f3\u0142 od Bliev do Huus, wasza ambulatoryjna opieka piel\u0119gniarska w Kilonii i Bredenbek, mamy dla was wspania\u0142e wie\u015bci! Nasza strona internetowa m\u00f3wi teraz w jedenastu r\u00f3\u017cnych j\u0119zykach: arabski, niemiecki, angielski, francuski, w\u0142oski, kurdyjski, polski, rosyjski, hiszpa\u0144ski, turecki i ukrai\u0144ski. Dlaczego to robimy? Poniewa\u017c wierzymy, \u017ce opieka nie zna granic. W naszym &#8230; <\/p>\n<p class=\"read-more-container\"><a title=\"Wieloj\u0119zyczno\u015b\u0107 w piel\u0119gniarstwie\" class=\"read-more button\" href=\"https:\/\/www.bthuus.de\/pl\/wielojezycznosc-w-pielegniarstwie\/#more-2702\" aria-label=\"Dowiedz si\u0119 wi\u0119cej o Wieloj\u0119zyczno\u015b\u0107 w piel\u0119gniarstwie\">Czytaj dalej<\/a><\/p>\n","protected":false},"author":2,"featured_media":0,"comment_status":"closed","ping_status":"closed","sticky":false,"template":"","format":"standard","meta":{"iawp_total_views":0,"_jetpack_memberships_contains_paid_content":false,"footnotes":""},"categories":[165],"tags":[166],"class_list":["post-2702","post","type-post","status-publish","format-standard","hentry","category-ogolnie","tag-wielojezycznosc","infinite-scroll-item","masonry-post","generate-columns","tablet-grid-50","mobile-grid-100","grid-parent","grid-50"],"jetpack_featured_media_url":"","jetpack_sharing_enabled":true,"_links":{"self":[{"href":"https:\/\/www.bthuus.de\/pl\/wp-json\/wp\/v2\/posts\/2702","targetHints":{"allow":["GET"]}}],"collection":[{"href":"https:\/\/www.bthuus.de\/pl\/wp-json\/wp\/v2\/posts"}],"about":[{"href":"https:\/\/www.bthuus.de\/pl\/wp-json\/wp\/v2\/types\/post"}],"author":[{"embeddable":true,"href":"https:\/\/www.bthuus.de\/pl\/wp-json\/wp\/v2\/users\/2"}],"replies":[{"embeddable":true,"href":"https:\/\/www.bthuus.de\/pl\/wp-json\/wp\/v2\/comments?post=2702"}],"version-history":[{"count":0,"href":"https:\/\/www.bthuus.de\/pl\/wp-json\/wp\/v2\/posts\/2702\/revisions"}],"wp:attachment":[{"href":"https:\/\/www.bthuus.de\/pl\/wp-json\/wp\/v2\/media?parent=2702"}],"wp:term":[{"taxonomy":"category","embeddable":true,"href":"https:\/\/www.bthuus.de\/pl\/wp-json\/wp\/v2\/categories?post=2702"},{"taxonomy":"post_tag","embeddable":true,"href":"https:\/\/www.bthuus.de\/pl\/wp-json\/wp\/v2\/tags?post=2702"}],"curies":[{"name":"wp","href":"https:\/\/api.w.org\/{rel}","templated":true}]}}